{"id":487,"date":"2019-05-16T10:19:37","date_gmt":"2019-05-16T08:19:37","guid":{"rendered":"http:\/\/www.ctyrlistekns.cz\/wp\/?p=487"},"modified":"2019-09-16T10:22:32","modified_gmt":"2019-09-16T08:22:32","slug":"maje-lany","status":"publish","type":"post","link":"http:\/\/www.ctyrlistekns.cz\/wp\/2019\/05\/16\/maje-lany\/","title":{"rendered":"M\u00e1je L\u00e1ny"},"content":{"rendered":"<p>V sobotu 25.5.&nbsp;m\u00e1me vystoupen\u00ed v&nbsp;nedalek\u00fdch L\u00e1nech na M\u00e1jov\u00fdch slavnostech.<\/p>\n<p><a href=\"http:\/\/www.ctyrlistekns.cz\/wp\/wp-content\/uploads\/2019\/09\/2019-M\u00e1jov\u00e1-veselice.pdf\">Plak\u00e1t 2019 M\u00e1jov\u00e1 veselice<\/a><\/p>\n","protected":false},"excerpt":{"rendered":"<p>V sobotu 25.5.&nbsp;m\u00e1me vystoupen\u00ed v&nbsp;nedalek\u00fdch L\u00e1nech na M\u00e1jov\u00fdch slavnostech. Plak\u00e1t 2019 M\u00e1jov\u00e1 veselice<\/p>\n","protected":false},"author":1,"featured_media":0,"comment_status":"open","ping_status":"open","sticky":false,"template":"","format":"standard","meta":{"footnotes":""},"categories":[1],"tags":[],"yoast_head":"<!-- This site is optimized with the Yoast SEO plugin v22.0 - https:\/\/yoast.com\/wordpress\/plugins\/seo\/ -->\n<title>M\u00e1je L\u00e1ny - \u010cty\u0159l\u00edstek<\/title>\n<meta name=\"robots\" content=\"index, follow, max-snippet:-1, max-image-preview:large, max-video-preview:-1\" \/>\n<link rel=\"canonical\" href=\"http:\/\/www.ctyrlistekns.cz\/wp\/2019\/05\/16\/maje-lany\/\" \/>\n<meta property=\"og:locale\" content=\"cs_CZ\" \/>\n<meta property=\"og:type\" content=\"article\" \/>\n<meta property=\"og:title\" content=\"M\u00e1je L\u00e1ny - \u010cty\u0159l\u00edstek\" \/>\n<meta property=\"og:description\" content=\"V sobotu 25.5.&nbsp;m\u00e1me vystoupen\u00ed v&nbsp;nedalek\u00fdch L\u00e1nech na M\u00e1jov\u00fdch slavnostech. Plak\u00e1t 2019 M\u00e1jov\u00e1 veselice\" \/>\n<meta property=\"og:url\" content=\"http:\/\/www.ctyrlistekns.cz\/wp\/2019\/05\/16\/maje-lany\/\" \/>\n<meta property=\"og:site_name\" content=\"\u010cty\u0159l\u00edstek\" \/>\n<meta property=\"article:published_time\" content=\"2019-05-16T08:19:37+00:00\" \/>\n<meta property=\"article:modified_time\" content=\"2019-09-16T08:22:32+00:00\" \/>\n<meta name=\"author\" content=\"4listek\" \/>\n<meta name=\"twitter:card\" content=\"summary_large_image\" \/>\n<meta name=\"twitter:label1\" content=\"Napsal(a)\" \/>\n\t<meta name=\"twitter:data1\" content=\"4listek\" \/>\n<script type=\"application\/ld+json\" class=\"yoast-schema-graph\">{\"@context\":\"https:\/\/schema.org\",\"@graph\":[{\"@type\":\"WebPage\",\"@id\":\"http:\/\/www.ctyrlistekns.cz\/wp\/2019\/05\/16\/maje-lany\/\",\"url\":\"http:\/\/www.ctyrlistekns.cz\/wp\/2019\/05\/16\/maje-lany\/\",\"name\":\"M\u00e1je L\u00e1ny - \u010cty\u0159l\u00edstek\",\"isPartOf\":{\"@id\":\"http:\/\/www.ctyrlistekns.cz\/wp\/#website\"},\"datePublished\":\"2019-05-16T08:19:37+00:00\",\"dateModified\":\"2019-09-16T08:22:32+00:00\",\"author\":{\"@id\":\"http:\/\/www.ctyrlistekns.cz\/wp\/#\/schema\/person\/8395dae533dc3b97c3184895f7194e36\"},\"breadcrumb\":{\"@id\":\"http:\/\/www.ctyrlistekns.cz\/wp\/2019\/05\/16\/maje-lany\/#breadcrumb\"},\"inLanguage\":\"cs\",\"potentialAction\":[{\"@type\":\"ReadAction\",\"target\":[\"http:\/\/www.ctyrlistekns.cz\/wp\/2019\/05\/16\/maje-lany\/\"]}]},{\"@type\":\"BreadcrumbList\",\"@id\":\"http:\/\/www.ctyrlistekns.cz\/wp\/2019\/05\/16\/maje-lany\/#breadcrumb\",\"itemListElement\":[{\"@type\":\"ListItem\",\"position\":1,\"name\":\"Dom\u016f\",\"item\":\"http:\/\/www.ctyrlistekns.cz\/wp\/\"},{\"@type\":\"ListItem\",\"position\":2,\"name\":\"M\u00e1je L\u00e1ny\"}]},{\"@type\":\"WebSite\",\"@id\":\"http:\/\/www.ctyrlistekns.cz\/wp\/#website\",\"url\":\"http:\/\/www.ctyrlistekns.cz\/wp\/\",\"name\":\"\u010cty\u0159l\u00edstek\",\"description\":\"Folklorn\u00ed soubor z Nov\u00e9ho Stra\u0161ec\u00ed\",\"potentialAction\":[{\"@type\":\"SearchAction\",\"target\":{\"@type\":\"EntryPoint\",\"urlTemplate\":\"http:\/\/www.ctyrlistekns.cz\/wp\/?s={search_term_string}\"},\"query-input\":\"required name=search_term_string\"}],\"inLanguage\":\"cs\"},{\"@type\":\"Person\",\"@id\":\"http:\/\/www.ctyrlistekns.cz\/wp\/#\/schema\/person\/8395dae533dc3b97c3184895f7194e36\",\"name\":\"4listek\",\"image\":{\"@type\":\"ImageObject\",\"inLanguage\":\"cs\",\"@id\":\"http:\/\/www.ctyrlistekns.cz\/wp\/#\/schema\/person\/image\/\",\"url\":\"http:\/\/0.gravatar.com\/avatar\/00587bc2a099e3e4d346f108b2a390bd?s=96&d=mm&r=g\",\"contentUrl\":\"http:\/\/0.gravatar.com\/avatar\/00587bc2a099e3e4d346f108b2a390bd?s=96&d=mm&r=g\",\"caption\":\"4listek\"},\"url\":\"http:\/\/www.ctyrlistekns.cz\/wp\/author\/4listek\/\"}]}<\/script>\n<!-- \/ Yoast SEO plugin. -->","yoast_head_json":{"title":"M\u00e1je L\u00e1ny - \u010cty\u0159l\u00edstek","robots":{"index":"index","follow":"follow","max-snippet":"max-snippet:-1","max-image-preview":"max-image-preview:large","max-video-preview":"max-video-preview:-1"},"canonical":"http:\/\/www.ctyrlistekns.cz\/wp\/2019\/05\/16\/maje-lany\/","og_locale":"cs_CZ","og_type":"article","og_title":"M\u00e1je L\u00e1ny - \u010cty\u0159l\u00edstek","og_description":"V sobotu 25.5.&nbsp;m\u00e1me vystoupen\u00ed v&nbsp;nedalek\u00fdch L\u00e1nech na M\u00e1jov\u00fdch slavnostech. Plak\u00e1t 2019 M\u00e1jov\u00e1 veselice","og_url":"http:\/\/www.ctyrlistekns.cz\/wp\/2019\/05\/16\/maje-lany\/","og_site_name":"\u010cty\u0159l\u00edstek","article_published_time":"2019-05-16T08:19:37+00:00","article_modified_time":"2019-09-16T08:22:32+00:00","author":"4listek","twitter_card":"summary_large_image","twitter_misc":{"Napsal(a)":"4listek"},"schema":{"@context":"https:\/\/schema.org","@graph":[{"@type":"WebPage","@id":"http:\/\/www.ctyrlistekns.cz\/wp\/2019\/05\/16\/maje-lany\/","url":"http:\/\/www.ctyrlistekns.cz\/wp\/2019\/05\/16\/maje-lany\/","name":"M\u00e1je L\u00e1ny - \u010cty\u0159l\u00edstek","isPartOf":{"@id":"http:\/\/www.ctyrlistekns.cz\/wp\/#website"},"datePublished":"2019-05-16T08:19:37+00:00","dateModified":"2019-09-16T08:22:32+00:00","author":{"@id":"http:\/\/www.ctyrlistekns.cz\/wp\/#\/schema\/person\/8395dae533dc3b97c3184895f7194e36"},"breadcrumb":{"@id":"http:\/\/www.ctyrlistekns.cz\/wp\/2019\/05\/16\/maje-lany\/#breadcrumb"},"inLanguage":"cs","potentialAction":[{"@type":"ReadAction","target":["http:\/\/www.ctyrlistekns.cz\/wp\/2019\/05\/16\/maje-lany\/"]}]},{"@type":"BreadcrumbList","@id":"http:\/\/www.ctyrlistekns.cz\/wp\/2019\/05\/16\/maje-lany\/#breadcrumb","itemListElement":[{"@type":"ListItem","position":1,"name":"Dom\u016f","item":"http:\/\/www.ctyrlistekns.cz\/wp\/"},{"@type":"ListItem","position":2,"name":"M\u00e1je L\u00e1ny"}]},{"@type":"WebSite","@id":"http:\/\/www.ctyrlistekns.cz\/wp\/#website","url":"http:\/\/www.ctyrlistekns.cz\/wp\/","name":"\u010cty\u0159l\u00edstek","description":"Folklorn\u00ed soubor z Nov\u00e9ho Stra\u0161ec\u00ed","potentialAction":[{"@type":"SearchAction","target":{"@type":"EntryPoint","urlTemplate":"http:\/\/www.ctyrlistekns.cz\/wp\/?s={search_term_string}"},"query-input":"required name=search_term_string"}],"inLanguage":"cs"},{"@type":"Person","@id":"http:\/\/www.ctyrlistekns.cz\/wp\/#\/schema\/person\/8395dae533dc3b97c3184895f7194e36","name":"4listek","image":{"@type":"ImageObject","inLanguage":"cs","@id":"http:\/\/www.ctyrlistekns.cz\/wp\/#\/schema\/person\/image\/","url":"http:\/\/0.gravatar.com\/avatar\/00587bc2a099e3e4d346f108b2a390bd?s=96&d=mm&r=g","contentUrl":"http:\/\/0.gravatar.com\/avatar\/00587bc2a099e3e4d346f108b2a390bd?s=96&d=mm&r=g","caption":"4listek"},"url":"http:\/\/www.ctyrlistekns.cz\/wp\/author\/4listek\/"}]}},"_links":{"self":[{"href":"http:\/\/www.ctyrlistekns.cz\/wp\/wp-json\/wp\/v2\/posts\/487"}],"collection":[{"href":"http:\/\/www.ctyrlistekns.cz\/wp\/wp-json\/wp\/v2\/posts"}],"about":[{"href":"http:\/\/www.ctyrlistekns.cz\/wp\/wp-json\/wp\/v2\/types\/post"}],"author":[{"embeddable":true,"href":"http:\/\/www.ctyrlistekns.cz\/wp\/wp-json\/wp\/v2\/users\/1"}],"replies":[{"embeddable":true,"href":"http:\/\/www.ctyrlistekns.cz\/wp\/wp-json\/wp\/v2\/comments?post=487"}],"version-history":[{"count":1,"href":"http:\/\/www.ctyrlistekns.cz\/wp\/wp-json\/wp\/v2\/posts\/487\/revisions"}],"predecessor-version":[{"id":489,"href":"http:\/\/www.ctyrlistekns.cz\/wp\/wp-json\/wp\/v2\/posts\/487\/revisions\/489"}],"wp:attachment":[{"href":"http:\/\/www.ctyrlistekns.cz\/wp\/wp-json\/wp\/v2\/media?parent=487"}],"wp:term":[{"taxonomy":"category","embeddable":true,"href":"http:\/\/www.ctyrlistekns.cz\/wp\/wp-json\/wp\/v2\/categories?post=487"},{"taxonomy":"post_tag","embeddable":true,"href":"http:\/\/www.ctyrlistekns.cz\/wp\/wp-json\/wp\/v2\/tags?post=487"}],"curies":[{"name":"wp","href":"https:\/\/api.w.org\/{rel}","templated":true}]}}