{"id":601,"date":"2023-11-13T20:18:25","date_gmt":"2023-11-13T19:18:25","guid":{"rendered":"http:\/\/www.ctyrlistekns.cz\/wp\/?p=601"},"modified":"2024-11-30T14:29:00","modified_gmt":"2024-11-30T13:29:00","slug":"vanoce-se-ctyrlistkem-23","status":"publish","type":"post","link":"http:\/\/www.ctyrlistekns.cz\/wp\/2023\/11\/13\/vanoce-se-ctyrlistkem-23\/","title":{"rendered":"V\u00e1noce se \u010cty\u0159l\u00edstkem"},"content":{"rendered":"\n<p><br>I letos jimi budou d\u011bti z&nbsp;L\u00edste\u010dku a chyb\u011bt nebude ani kapelka a jej\u00ed b\u00e1je\u010dn\u00e1 muzika. Na sv\u00e9 si p\u0159ijdou tak\u00e9 p\u0159\u00edznivci cimb\u00e1lu. Pro n\u011b zahraje a zazp\u00edv\u00e1 Cimb\u00e1lov\u00e1 muzika Vladim\u00edra Novotn\u00e9ho.<\/p>\n\n\n\n<p class=\"has-text-align-center has-small-font-size\"><img decoding=\"async\" loading=\"lazy\" width=\"1295\" height=\"1848\" class=\"wp-image-604\" style=\"width: 360px;\" src=\"http:\/\/www.ctyrlistekns.cz\/wp\/wp-content\/uploads\/2023\/11\/Vanoce-se-Ctyrlistkem-2023-kopie.jpeg\" alt=\"V\u00e1noce 2023 FS \u010cty\u0159l\u00edstek Nov\u00e9 STra\u0161ec\u00ed\" srcset=\"http:\/\/www.ctyrlistekns.cz\/wp\/wp-content\/uploads\/2023\/11\/Vanoce-se-Ctyrlistkem-2023-kopie.jpeg 1295w, http:\/\/www.ctyrlistekns.cz\/wp\/wp-content\/uploads\/2023\/11\/Vanoce-se-Ctyrlistkem-2023-kopie-210x300.jpeg 210w, http:\/\/www.ctyrlistekns.cz\/wp\/wp-content\/uploads\/2023\/11\/Vanoce-se-Ctyrlistkem-2023-kopie-718x1024.jpeg 718w, http:\/\/www.ctyrlistekns.cz\/wp\/wp-content\/uploads\/2023\/11\/Vanoce-se-Ctyrlistkem-2023-kopie-768x1096.jpeg 768w, http:\/\/www.ctyrlistekns.cz\/wp\/wp-content\/uploads\/2023\/11\/Vanoce-se-Ctyrlistkem-2023-kopie-1076x1536.jpeg 1076w\" sizes=\"(max-width: 1295px) 100vw, 1295px\" \/><\/p>\n\n\n\n<p class=\"has-text-align-left has-small-font-size\">Adventn\u00ed \u010das b\u00fdv\u00e1 nabit\u00fd mnoha kr\u00e1sn\u00fdmi akcemi. Jednou z&nbsp;nich je bezesporu i ji\u017e tradi\u010dn\u00ed p\u0159edv\u00e1no\u010dn\u00ed setk\u00e1n\u00ed milovn\u00edk\u016f folkloru s&nbsp;novostra\u0161eck\u00fdm folklorn\u00edm souborem \u010cty\u0159l\u00edstek a jeho hosty.<\/p>\n\n\n\n<p><br>A jak\u00fd program si pro v\u00e1s nachystal \u010cty\u0159l\u00edstek? Uvid\u00edte n\u011b\u017en\u00e9 p\u0159edstaven\u00ed nazvan\u00e9 \u017div\u00fd betl\u00e9m a po dlouh\u00e9 dob\u011b se m\u016f\u017eete t\u011b\u0161it i na proveden\u00ed Rakovnick\u00e9 v\u00e1no\u010dn\u00ed hry. <strong>Tohle v\u0161echno bude k&nbsp;vid\u011bn\u00ed a sly\u0161en\u00ed v&nbsp;Novostra\u0161eck\u00e9m kulturn\u00edm centru v&nbsp;p\u00e1tek 22.&nbsp;prosince od 19.&nbsp;hodin.<\/strong><br> <br>P\u0159ij\u010fte se s&nbsp;n\u00e1mi pot\u011b\u0161it v&nbsp;p\u0159edv\u00e1no\u010dn\u00edm shonu. S\u00e1l bude otev\u0159en od 18.30 hodin. <br>V\u00e1\u0161 \u010cty\u0159l\u00edstek<\/p>\n\n\n\n<p><br>P.S. A kdyby v\u00e1m to n\u00e1hodou v&nbsp;p\u00e1tek nevy\u0161lo nebo nesta\u010dilo, nebu\u010fte smutn\u00ed. Dora\u017ete na \u0160t\u011bdr\u00fd den o p\u016flnoci na Komensk\u00e9ho n\u00e1m\u011bst\u00ed. Zazp\u00edv\u00e1me v\u00e1m \u010ceskou m\u0161i p\u016flno\u010dn\u00ed Jakuba Jana Ryby a zn\u00e1m\u00e9 v\u00e1no\u010dn\u00ed koledy.<\/p>\n","protected":false},"excerpt":{"rendered":"<p>I letos jimi budou d\u011bti z&nbsp;L\u00edste\u010dku a chyb\u011bt nebude ani kapelka a jej\u00ed b\u00e1je\u010dn\u00e1 muzika. Na sv\u00e9 si p\u0159ijdou tak\u00e9 p\u0159\u00edznivci cimb\u00e1lu. Pro n\u011b zahraje&hellip;<\/p>\n","protected":false},"author":1,"featured_media":0,"comment_status":"closed","ping_status":"closed","sticky":false,"template":"","format":"standard","meta":{"footnotes":""},"categories":[18],"tags":[],"yoast_head":"<!-- This site is optimized with the Yoast SEO plugin v22.0 - https:\/\/yoast.com\/wordpress\/plugins\/seo\/ -->\n<title>V\u00e1noce se \u010cty\u0159l\u00edstkem - \u010cty\u0159l\u00edstek<\/title>\n<meta name=\"robots\" content=\"index, follow, max-snippet:-1, max-image-preview:large, max-video-preview:-1\" \/>\n<link rel=\"canonical\" href=\"http:\/\/www.ctyrlistekns.cz\/wp\/2023\/11\/13\/vanoce-se-ctyrlistkem-23\/\" \/>\n<meta property=\"og:locale\" content=\"cs_CZ\" \/>\n<meta property=\"og:type\" content=\"article\" \/>\n<meta property=\"og:title\" content=\"V\u00e1noce se \u010cty\u0159l\u00edstkem - \u010cty\u0159l\u00edstek\" \/>\n<meta property=\"og:description\" content=\"I letos jimi budou d\u011bti z&nbsp;L\u00edste\u010dku a chyb\u011bt nebude ani kapelka a jej\u00ed b\u00e1je\u010dn\u00e1 muzika. Na sv\u00e9 si p\u0159ijdou tak\u00e9 p\u0159\u00edznivci cimb\u00e1lu. Pro n\u011b zahraje&hellip;\" \/>\n<meta property=\"og:url\" content=\"http:\/\/www.ctyrlistekns.cz\/wp\/2023\/11\/13\/vanoce-se-ctyrlistkem-23\/\" \/>\n<meta property=\"og:site_name\" content=\"\u010cty\u0159l\u00edstek\" \/>\n<meta property=\"article:published_time\" content=\"2023-11-13T19:18:25+00:00\" \/>\n<meta property=\"article:modified_time\" content=\"2024-11-30T13:29:00+00:00\" \/>\n<meta property=\"og:image\" content=\"http:\/\/www.ctyrlistekns.cz\/wp\/wp-content\/uploads\/2023\/11\/Vanoce-se-Ctyrlistkem-2023-kopie.jpeg\" \/>\n<meta name=\"author\" content=\"4listek\" \/>\n<meta name=\"twitter:card\" content=\"summary_large_image\" \/>\n<meta name=\"twitter:label1\" content=\"Napsal(a)\" \/>\n\t<meta name=\"twitter:data1\" content=\"4listek\" \/>\n\t<meta name=\"twitter:label2\" content=\"Odhadovan\u00e1 doba \u010dten\u00ed\" \/>\n\t<meta name=\"twitter:data2\" content=\"2 minuty\" \/>\n<script type=\"application\/ld+json\" class=\"yoast-schema-graph\">{\"@context\":\"https:\/\/schema.org\",\"@graph\":[{\"@type\":\"WebPage\",\"@id\":\"http:\/\/www.ctyrlistekns.cz\/wp\/2023\/11\/13\/vanoce-se-ctyrlistkem-23\/\",\"url\":\"http:\/\/www.ctyrlistekns.cz\/wp\/2023\/11\/13\/vanoce-se-ctyrlistkem-23\/\",\"name\":\"V\u00e1noce se \u010cty\u0159l\u00edstkem - \u010cty\u0159l\u00edstek\",\"isPartOf\":{\"@id\":\"http:\/\/www.ctyrlistekns.cz\/wp\/#website\"},\"datePublished\":\"2023-11-13T19:18:25+00:00\",\"dateModified\":\"2024-11-30T13:29:00+00:00\",\"author\":{\"@id\":\"http:\/\/www.ctyrlistekns.cz\/wp\/#\/schema\/person\/8395dae533dc3b97c3184895f7194e36\"},\"breadcrumb\":{\"@id\":\"http:\/\/www.ctyrlistekns.cz\/wp\/2023\/11\/13\/vanoce-se-ctyrlistkem-23\/#breadcrumb\"},\"inLanguage\":\"cs\",\"potentialAction\":[{\"@type\":\"ReadAction\",\"target\":[\"http:\/\/www.ctyrlistekns.cz\/wp\/2023\/11\/13\/vanoce-se-ctyrlistkem-23\/\"]}]},{\"@type\":\"BreadcrumbList\",\"@id\":\"http:\/\/www.ctyrlistekns.cz\/wp\/2023\/11\/13\/vanoce-se-ctyrlistkem-23\/#breadcrumb\",\"itemListElement\":[{\"@type\":\"ListItem\",\"position\":1,\"name\":\"Dom\u016f\",\"item\":\"http:\/\/www.ctyrlistekns.cz\/wp\/\"},{\"@type\":\"ListItem\",\"position\":2,\"name\":\"V\u00e1noce se \u010cty\u0159l\u00edstkem\"}]},{\"@type\":\"WebSite\",\"@id\":\"http:\/\/www.ctyrlistekns.cz\/wp\/#website\",\"url\":\"http:\/\/www.ctyrlistekns.cz\/wp\/\",\"name\":\"\u010cty\u0159l\u00edstek\",\"description\":\"Folklorn\u00ed soubor z Nov\u00e9ho Stra\u0161ec\u00ed\",\"potentialAction\":[{\"@type\":\"SearchAction\",\"target\":{\"@type\":\"EntryPoint\",\"urlTemplate\":\"http:\/\/www.ctyrlistekns.cz\/wp\/?s={search_term_string}\"},\"query-input\":\"required name=search_term_string\"}],\"inLanguage\":\"cs\"},{\"@type\":\"Person\",\"@id\":\"http:\/\/www.ctyrlistekns.cz\/wp\/#\/schema\/person\/8395dae533dc3b97c3184895f7194e36\",\"name\":\"4listek\",\"image\":{\"@type\":\"ImageObject\",\"inLanguage\":\"cs\",\"@id\":\"http:\/\/www.ctyrlistekns.cz\/wp\/#\/schema\/person\/image\/\",\"url\":\"http:\/\/0.gravatar.com\/avatar\/00587bc2a099e3e4d346f108b2a390bd?s=96&d=mm&r=g\",\"contentUrl\":\"http:\/\/0.gravatar.com\/avatar\/00587bc2a099e3e4d346f108b2a390bd?s=96&d=mm&r=g\",\"caption\":\"4listek\"},\"url\":\"http:\/\/www.ctyrlistekns.cz\/wp\/author\/4listek\/\"}]}<\/script>\n<!-- \/ Yoast SEO plugin. -->","yoast_head_json":{"title":"V\u00e1noce se \u010cty\u0159l\u00edstkem - \u010cty\u0159l\u00edstek","robots":{"index":"index","follow":"follow","max-snippet":"max-snippet:-1","max-image-preview":"max-image-preview:large","max-video-preview":"max-video-preview:-1"},"canonical":"http:\/\/www.ctyrlistekns.cz\/wp\/2023\/11\/13\/vanoce-se-ctyrlistkem-23\/","og_locale":"cs_CZ","og_type":"article","og_title":"V\u00e1noce se \u010cty\u0159l\u00edstkem - \u010cty\u0159l\u00edstek","og_description":"I letos jimi budou d\u011bti z&nbsp;L\u00edste\u010dku a chyb\u011bt nebude ani kapelka a jej\u00ed b\u00e1je\u010dn\u00e1 muzika. Na sv\u00e9 si p\u0159ijdou tak\u00e9 p\u0159\u00edznivci cimb\u00e1lu. Pro n\u011b zahraje&hellip;","og_url":"http:\/\/www.ctyrlistekns.cz\/wp\/2023\/11\/13\/vanoce-se-ctyrlistkem-23\/","og_site_name":"\u010cty\u0159l\u00edstek","article_published_time":"2023-11-13T19:18:25+00:00","article_modified_time":"2024-11-30T13:29:00+00:00","og_image":[{"url":"http:\/\/www.ctyrlistekns.cz\/wp\/wp-content\/uploads\/2023\/11\/Vanoce-se-Ctyrlistkem-2023-kopie.jpeg"}],"author":"4listek","twitter_card":"summary_large_image","twitter_misc":{"Napsal(a)":"4listek","Odhadovan\u00e1 doba \u010dten\u00ed":"2 minuty"},"schema":{"@context":"https:\/\/schema.org","@graph":[{"@type":"WebPage","@id":"http:\/\/www.ctyrlistekns.cz\/wp\/2023\/11\/13\/vanoce-se-ctyrlistkem-23\/","url":"http:\/\/www.ctyrlistekns.cz\/wp\/2023\/11\/13\/vanoce-se-ctyrlistkem-23\/","name":"V\u00e1noce se \u010cty\u0159l\u00edstkem - \u010cty\u0159l\u00edstek","isPartOf":{"@id":"http:\/\/www.ctyrlistekns.cz\/wp\/#website"},"datePublished":"2023-11-13T19:18:25+00:00","dateModified":"2024-11-30T13:29:00+00:00","author":{"@id":"http:\/\/www.ctyrlistekns.cz\/wp\/#\/schema\/person\/8395dae533dc3b97c3184895f7194e36"},"breadcrumb":{"@id":"http:\/\/www.ctyrlistekns.cz\/wp\/2023\/11\/13\/vanoce-se-ctyrlistkem-23\/#breadcrumb"},"inLanguage":"cs","potentialAction":[{"@type":"ReadAction","target":["http:\/\/www.ctyrlistekns.cz\/wp\/2023\/11\/13\/vanoce-se-ctyrlistkem-23\/"]}]},{"@type":"BreadcrumbList","@id":"http:\/\/www.ctyrlistekns.cz\/wp\/2023\/11\/13\/vanoce-se-ctyrlistkem-23\/#breadcrumb","itemListElement":[{"@type":"ListItem","position":1,"name":"Dom\u016f","item":"http:\/\/www.ctyrlistekns.cz\/wp\/"},{"@type":"ListItem","position":2,"name":"V\u00e1noce se \u010cty\u0159l\u00edstkem"}]},{"@type":"WebSite","@id":"http:\/\/www.ctyrlistekns.cz\/wp\/#website","url":"http:\/\/www.ctyrlistekns.cz\/wp\/","name":"\u010cty\u0159l\u00edstek","description":"Folklorn\u00ed soubor z Nov\u00e9ho Stra\u0161ec\u00ed","potentialAction":[{"@type":"SearchAction","target":{"@type":"EntryPoint","urlTemplate":"http:\/\/www.ctyrlistekns.cz\/wp\/?s={search_term_string}"},"query-input":"required name=search_term_string"}],"inLanguage":"cs"},{"@type":"Person","@id":"http:\/\/www.ctyrlistekns.cz\/wp\/#\/schema\/person\/8395dae533dc3b97c3184895f7194e36","name":"4listek","image":{"@type":"ImageObject","inLanguage":"cs","@id":"http:\/\/www.ctyrlistekns.cz\/wp\/#\/schema\/person\/image\/","url":"http:\/\/0.gravatar.com\/avatar\/00587bc2a099e3e4d346f108b2a390bd?s=96&d=mm&r=g","contentUrl":"http:\/\/0.gravatar.com\/avatar\/00587bc2a099e3e4d346f108b2a390bd?s=96&d=mm&r=g","caption":"4listek"},"url":"http:\/\/www.ctyrlistekns.cz\/wp\/author\/4listek\/"}]}},"_links":{"self":[{"href":"http:\/\/www.ctyrlistekns.cz\/wp\/wp-json\/wp\/v2\/posts\/601"}],"collection":[{"href":"http:\/\/www.ctyrlistekns.cz\/wp\/wp-json\/wp\/v2\/posts"}],"about":[{"href":"http:\/\/www.ctyrlistekns.cz\/wp\/wp-json\/wp\/v2\/types\/post"}],"author":[{"embeddable":true,"href":"http:\/\/www.ctyrlistekns.cz\/wp\/wp-json\/wp\/v2\/users\/1"}],"replies":[{"embeddable":true,"href":"http:\/\/www.ctyrlistekns.cz\/wp\/wp-json\/wp\/v2\/comments?post=601"}],"version-history":[{"count":2,"href":"http:\/\/www.ctyrlistekns.cz\/wp\/wp-json\/wp\/v2\/posts\/601\/revisions"}],"predecessor-version":[{"id":606,"href":"http:\/\/www.ctyrlistekns.cz\/wp\/wp-json\/wp\/v2\/posts\/601\/revisions\/606"}],"wp:attachment":[{"href":"http:\/\/www.ctyrlistekns.cz\/wp\/wp-json\/wp\/v2\/media?parent=601"}],"wp:term":[{"taxonomy":"category","embeddable":true,"href":"http:\/\/www.ctyrlistekns.cz\/wp\/wp-json\/wp\/v2\/categories?post=601"},{"taxonomy":"post_tag","embeddable":true,"href":"http:\/\/www.ctyrlistekns.cz\/wp\/wp-json\/wp\/v2\/tags?post=601"}],"curies":[{"name":"wp","href":"https:\/\/api.w.org\/{rel}","templated":true}]}}